{"id":12576,"date":"2020-11-25T13:27:44","date_gmt":"2020-11-25T16:27:44","guid":{"rendered":"https:\/\/abrelivros.org.br\/site\/?p=12576"},"modified":"2020-11-25T13:27:44","modified_gmt":"2020-11-25T16:27:44","slug":"mec-investe-257-milhoes-para-acoes-de-formacao-de-professores-e-assistencia-de-sala-de-recursos-multifuncionais","status":"publish","type":"post","link":"https:\/\/abrelivros.org.br\/site\/mec-investe-257-milhoes-para-acoes-de-formacao-de-professores-e-assistencia-de-sala-de-recursos-multifuncionais\/","title":{"rendered":"MEC investe 257 milh\u00f5es para a\u00e7\u00f5es de forma\u00e7\u00e3o de professores e assist\u00eancia de Sala de Recursos Multifuncionais"},"content":{"rendered":"<p>Em 2020, o Minist\u00e9rio da Educa\u00e7\u00e3o (MEC) j\u00e1 destinou, por meio da Secret\u00e1ria de Modalidades Especializadas em Educa\u00e7\u00e3o (Semesp), cerca de R$ 257 milh\u00f5es para investimentos para a forma\u00e7\u00e3o de professores de educa\u00e7\u00e3o b\u00e1sica da rede p\u00fablica de ensino e na equipagem ou abertura de novas salas de recursos multifuncionais para o atendimento de educacional especializado para educandos da educa\u00e7\u00e3o especial.<!--more--><\/p>\n<p>De Acordo com o Censo 2019, o Brasil tem 100.718 escolas p\u00fablicas com pelo menos uma matr\u00edcula na educa\u00e7\u00e3o especial. Destas, cerca de 8.400 escolas em todo o pa\u00eds receber\u00e3o um total de R$ 254.000.000,00 para ampliar e melhorar o atendimento nessas unidades. Os recursos ser\u00e3o destinados a estados, munic\u00edpios e ao Distrito Federal, que poder\u00e3o aderir ao programa por meio do sistema PDDE Interativo.<\/p>\n<p>Al\u00e9m das salas de recursos, a forma\u00e7\u00e3o de professores em educa\u00e7\u00e3o especial tamb\u00e9m vem recebendo aten\u00e7\u00e3o especial da Semesp. O apoio \u00e9 uma das a\u00e7\u00f5es estruturantes para implementa\u00e7\u00e3o da nova Pol\u00edtica Nacional de Educa\u00e7\u00e3o Especial. Ser\u00e3o ofertadas 12.050 vagas para forma\u00e7\u00e3o de docentes de todo o Brasil, contemplando 3.825 horas de forma\u00e7\u00e3o com investimento, para tal ser\u00e3o investidos R$ 3,5 milh\u00f5es para custeio e bolsas para a equipe de forma\u00e7\u00e3o, viabilizando a execu\u00e7\u00e3o das propostas aprovadas.<\/p>\n<p>Para promover boas pr\u00e1ticas e a\u00e7\u00f5es de acessibilidade, a Diretoria de Educa\u00e7\u00e3o Especial da Semesp estruturou o Programa Sala de Recursos, com objetivo de apoiar a inclus\u00e3o escolar dos alunos da educa\u00e7\u00e3o especial matriculados em classes comuns de escolas regulares inclusivas, escolas especializadas e escolas bil\u00edngues de surdos. Por meio do Programa Dinheiro Direto na Escola, o novo programa utiliza recursos do Fundo Nacional de Desenvolvimento da Educa\u00e7\u00e3o (FNDE), e ser\u00e3o destinados \u00e0s a\u00e7\u00f5es de aquisi\u00e7\u00e3o de materiais did\u00e1ticos e pedag\u00f3gicos, equipamentos e recursos de tecnologia assistida, para atender \u00e0s especificidades pedag\u00f3gicas dos estudantes da educa\u00e7\u00e3o especial, matriculados em escolas regulares inclusivas, escolas especializadas e escolas bil\u00edngues de surdos das redes estaduais, municipais e do Distrito Federal.<\/p>\n","protected":false},"excerpt":{"rendered":"<p>Em 2020, o Minist\u00e9rio da Educa\u00e7\u00e3o (MEC) j\u00e1 destinou, por meio da Secret\u00e1ria de Modalidades Especializadas em Educa\u00e7\u00e3o (Semesp), cerca de R$ 257 milh\u00f5es para investimentos para a forma\u00e7\u00e3o de professores de educa\u00e7\u00e3o b\u00e1sica da rede p\u00fablica de ensino e na equipagem ou abertura de novas salas de recursos multifuncionais para o atendimento de educacional [&hellip;]<\/p>\n","protected":false},"author":4,"featured_media":0,"comment_status":"closed","ping_status":"closed","sticky":false,"template":"","format":"standard","meta":{"footnotes":"","_links_to":"","_links_to_target":""},"categories":[9],"tags":[],"class_list":["post-12576","post","type-post","status-publish","format-standard","hentry","category-noticias-da-imprensa"],"yoast_head":"<!-- This site is optimized with the Yoast SEO plugin v15.1 - https:\/\/yoast.com\/wordpress\/plugins\/seo\/ -->\n<title>MEC investe 257 milh\u00f5es para a\u00e7\u00f5es de forma\u00e7\u00e3o de professores e assist\u00eancia de Sala de Recursos Multifuncionais &raquo; Abrelivros<\/title>\n<meta name=\"robots\" content=\"index, follow, max-snippet:-1, max-image-preview:large, max-video-preview:-1\" \/>\n<link rel=\"canonical\" href=\"https:\/\/abrelivros.org.br\/site\/mec-investe-257-milhoes-para-acoes-de-formacao-de-professores-e-assistencia-de-sala-de-recursos-multifuncionais\/\" \/>\n<meta property=\"og:locale\" content=\"pt_BR\" \/>\n<meta property=\"og:type\" content=\"article\" \/>\n<meta property=\"og:title\" content=\"MEC investe 257 milh\u00f5es para a\u00e7\u00f5es de forma\u00e7\u00e3o de professores e assist\u00eancia de Sala de Recursos Multifuncionais &raquo; Abrelivros\" \/>\n<meta property=\"og:description\" content=\"Em 2020, o Minist\u00e9rio da Educa\u00e7\u00e3o (MEC) j\u00e1 destinou, por meio da Secret\u00e1ria de Modalidades Especializadas em Educa\u00e7\u00e3o (Semesp), cerca de R$ 257 milh\u00f5es para investimentos para a forma\u00e7\u00e3o de professores de educa\u00e7\u00e3o b\u00e1sica da rede p\u00fablica de ensino e na equipagem ou abertura de novas salas de recursos multifuncionais para o atendimento de educacional [&hellip;]\" \/>\n<meta property=\"og:url\" content=\"https:\/\/abrelivros.org.br\/site\/mec-investe-257-milhoes-para-acoes-de-formacao-de-professores-e-assistencia-de-sala-de-recursos-multifuncionais\/\" \/>\n<meta property=\"og:site_name\" content=\"Abrelivros\" \/>\n<meta property=\"article:published_time\" content=\"2020-11-25T16:27:44+00:00\" \/>\n<meta name=\"twitter:card\" content=\"summary_large_image\" \/>\n<script type=\"application\/ld+json\" class=\"yoast-schema-graph\">{\"@context\":\"https:\/\/schema.org\",\"@graph\":[{\"@type\":\"WebSite\",\"@id\":\"https:\/\/abrelivros.org.br\/site\/#website\",\"url\":\"https:\/\/abrelivros.org.br\/site\/\",\"name\":\"Abrelivros\",\"description\":\"\",\"potentialAction\":[{\"@type\":\"SearchAction\",\"target\":\"https:\/\/abrelivros.org.br\/site\/?s={search_term_string}\",\"query-input\":\"required name=search_term_string\"}],\"inLanguage\":\"pt-BR\"},{\"@type\":\"WebPage\",\"@id\":\"https:\/\/abrelivros.org.br\/site\/mec-investe-257-milhoes-para-acoes-de-formacao-de-professores-e-assistencia-de-sala-de-recursos-multifuncionais\/#webpage\",\"url\":\"https:\/\/abrelivros.org.br\/site\/mec-investe-257-milhoes-para-acoes-de-formacao-de-professores-e-assistencia-de-sala-de-recursos-multifuncionais\/\",\"name\":\"MEC investe 257 milh\\u00f5es para a\\u00e7\\u00f5es de forma\\u00e7\\u00e3o de professores e assist\\u00eancia de Sala de Recursos Multifuncionais &raquo; Abrelivros\",\"isPartOf\":{\"@id\":\"https:\/\/abrelivros.org.br\/site\/#website\"},\"datePublished\":\"2020-11-25T16:27:44+00:00\",\"dateModified\":\"2020-11-25T16:27:44+00:00\",\"author\":{\"@id\":\"https:\/\/abrelivros.org.br\/site\/#\/schema\/person\/65db80e26409802ce15ac5feec6a15fd\"},\"breadcrumb\":{\"@id\":\"https:\/\/abrelivros.org.br\/site\/mec-investe-257-milhoes-para-acoes-de-formacao-de-professores-e-assistencia-de-sala-de-recursos-multifuncionais\/#breadcrumb\"},\"inLanguage\":\"pt-BR\",\"potentialAction\":[{\"@type\":\"ReadAction\",\"target\":[\"https:\/\/abrelivros.org.br\/site\/mec-investe-257-milhoes-para-acoes-de-formacao-de-professores-e-assistencia-de-sala-de-recursos-multifuncionais\/\"]}]},{\"@type\":\"BreadcrumbList\",\"@id\":\"https:\/\/abrelivros.org.br\/site\/mec-investe-257-milhoes-para-acoes-de-formacao-de-professores-e-assistencia-de-sala-de-recursos-multifuncionais\/#breadcrumb\",\"itemListElement\":[{\"@type\":\"ListItem\",\"position\":1,\"item\":{\"@type\":\"WebPage\",\"@id\":\"https:\/\/abrelivros.org.br\/site\/\",\"url\":\"https:\/\/abrelivros.org.br\/site\/\",\"name\":\"In\\u00edcio\"}},{\"@type\":\"ListItem\",\"position\":2,\"item\":{\"@type\":\"WebPage\",\"@id\":\"https:\/\/abrelivros.org.br\/site\/category\/noticias\/\",\"url\":\"https:\/\/abrelivros.org.br\/site\/category\/noticias\/\",\"name\":\"Not\\u00edcias\"}},{\"@type\":\"ListItem\",\"position\":3,\"item\":{\"@type\":\"WebPage\",\"@id\":\"https:\/\/abrelivros.org.br\/site\/category\/noticias\/noticias-da-imprensa\/\",\"url\":\"https:\/\/abrelivros.org.br\/site\/category\/noticias\/noticias-da-imprensa\/\",\"name\":\"Not\\u00edcias da imprensa\"}},{\"@type\":\"ListItem\",\"position\":4,\"item\":{\"@type\":\"WebPage\",\"@id\":\"https:\/\/abrelivros.org.br\/site\/mec-investe-257-milhoes-para-acoes-de-formacao-de-professores-e-assistencia-de-sala-de-recursos-multifuncionais\/\",\"url\":\"https:\/\/abrelivros.org.br\/site\/mec-investe-257-milhoes-para-acoes-de-formacao-de-professores-e-assistencia-de-sala-de-recursos-multifuncionais\/\",\"name\":\"MEC investe 257 milh\\u00f5es para a\\u00e7\\u00f5es de forma\\u00e7\\u00e3o de professores e assist\\u00eancia de Sala de Recursos Multifuncionais\"}}]},{\"@type\":\"Person\",\"@id\":\"https:\/\/abrelivros.org.br\/site\/#\/schema\/person\/65db80e26409802ce15ac5feec6a15fd\",\"name\":\"Reda\\u00e7\\u00e3o Abrelivros\",\"image\":{\"@type\":\"ImageObject\",\"@id\":\"https:\/\/abrelivros.org.br\/site\/#personlogo\",\"inLanguage\":\"pt-BR\",\"url\":\"https:\/\/secure.gravatar.com\/avatar\/c4e57f9c7e3482965bd428192061218520756c39080b1d1820b679fa5e9af192?s=96&d=mm&r=g\",\"caption\":\"Reda\\u00e7\\u00e3o Abrelivros\"}}]}<\/script>\n<!-- \/ Yoast SEO plugin. -->","_links":{"self":[{"href":"https:\/\/abrelivros.org.br\/site\/wp-json\/wp\/v2\/posts\/12576","targetHints":{"allow":["GET"]}}],"collection":[{"href":"https:\/\/abrelivros.org.br\/site\/wp-json\/wp\/v2\/posts"}],"about":[{"href":"https:\/\/abrelivros.org.br\/site\/wp-json\/wp\/v2\/types\/post"}],"author":[{"embeddable":true,"href":"https:\/\/abrelivros.org.br\/site\/wp-json\/wp\/v2\/users\/4"}],"replies":[{"embeddable":true,"href":"https:\/\/abrelivros.org.br\/site\/wp-json\/wp\/v2\/comments?post=12576"}],"version-history":[{"count":1,"href":"https:\/\/abrelivros.org.br\/site\/wp-json\/wp\/v2\/posts\/12576\/revisions"}],"predecessor-version":[{"id":12577,"href":"https:\/\/abrelivros.org.br\/site\/wp-json\/wp\/v2\/posts\/12576\/revisions\/12577"}],"wp:attachment":[{"href":"https:\/\/abrelivros.org.br\/site\/wp-json\/wp\/v2\/media?parent=12576"}],"wp:term":[{"taxonomy":"category","embeddable":true,"href":"https:\/\/abrelivros.org.br\/site\/wp-json\/wp\/v2\/categories?post=12576"},{"taxonomy":"post_tag","embeddable":true,"href":"https:\/\/abrelivros.org.br\/site\/wp-json\/wp\/v2\/tags?post=12576"}],"curies":[{"name":"wp","href":"https:\/\/api.w.org\/{rel}","templated":true}]}}