{"id":12574,"date":"2020-11-25T13:25:24","date_gmt":"2020-11-25T16:25:24","guid":{"rendered":"https:\/\/abrelivros.org.br\/site\/?p=12574"},"modified":"2020-11-25T13:25:24","modified_gmt":"2020-11-25T16:25:24","slug":"desafios-para-garantir-o-direito-a-educacao-em-tempos-de-e-pos-pandemia-e-tema-da-conferencia-de-abertura-do-8o-forum-nacional-extraordinario-da-undime","status":"publish","type":"post","link":"https:\/\/abrelivros.org.br\/site\/desafios-para-garantir-o-direito-a-educacao-em-tempos-de-e-pos-pandemia-e-tema-da-conferencia-de-abertura-do-8o-forum-nacional-extraordinario-da-undime\/","title":{"rendered":"Desafios para garantir o direito \u00e0 educa\u00e7\u00e3o em tempos de e p\u00f3s pandemia \u00e9 tema da confer\u00eancia de abertura do 8\u00ba F\u00f3rum Nacional Extraordin\u00e1rio da Undime"},"content":{"rendered":"<p>No primeiro dia, <strong>7 de dezembro<\/strong> (segunda-feira), ser\u00e1 realizada a confer\u00eancia de abertura, sobre o tema central do evento<strong> &#8220;Desafios para garantir o direito \u00e0 educa\u00e7\u00e3o em tempos de e p\u00f3s pandemia&#8221;<\/strong>. Participam dessa discuss\u00e3o o ministro da Educa\u00e7\u00e3o, Milton Ribeiro; a deputada federal Professora Dorinha Seabra Rezende, presidente da Frente Parlamentar Mista da Educa\u00e7\u00e3o; a presidente do Conselho Nacional dos Secret\u00e1rios de Educa\u00e7\u00e3o (Consed) e secret\u00e1ria de Educa\u00e7\u00e3o do Mato Grosso do Sul, Cecilia Motta; e o presidente da Undime, Luiz Miguel Martins Garcia, Dirigente Municipal de Educa\u00e7\u00e3o de Sud Mennucci (SP).<!--more--><\/p>\n<p>A confer\u00eancia est\u00e1 marcada para iniciar <strong>\u00e0s 16h (hor\u00e1rio de Bras\u00edlia)<\/strong> e dever\u00e1 ter uma hora de dura\u00e7\u00e3o.<\/p>\n<p>O evento ser\u00e1 virtual e para participar do 8\u00ba F\u00f3rum Nacional Extraordin\u00e1rio da Undime \u00e9 preciso estar inscrito.<\/p>\n<p>Confira a programa\u00e7\u00e3o completa do evento bem como os crit\u00e9rios de participa\u00e7\u00e3o e inscreva-se em <a href=\"https:\/\/forumnacionalundime2020.com.br\/\" target=\"_blank\" rel=\"noopener noreferrer\">https:\/\/forumnacionalundime2020.com.br\/<\/a><\/p>\n<p>Haver\u00e1 certificado de participa\u00e7\u00e3o.<\/p>\n","protected":false},"excerpt":{"rendered":"<p>No primeiro dia, 7 de dezembro (segunda-feira), ser\u00e1 realizada a confer\u00eancia de abertura, sobre o tema central do evento &#8220;Desafios para garantir o direito \u00e0 educa\u00e7\u00e3o em tempos de e p\u00f3s pandemia&#8221;. Participam dessa discuss\u00e3o o ministro da Educa\u00e7\u00e3o, Milton Ribeiro; a deputada federal Professora Dorinha Seabra Rezende, presidente da Frente Parlamentar Mista da Educa\u00e7\u00e3o; [&hellip;]<\/p>\n","protected":false},"author":4,"featured_media":0,"comment_status":"closed","ping_status":"closed","sticky":false,"template":"","format":"standard","meta":{"footnotes":"","_links_to":"","_links_to_target":""},"categories":[9],"tags":[],"class_list":["post-12574","post","type-post","status-publish","format-standard","hentry","category-noticias-da-imprensa"],"yoast_head":"<!-- This site is optimized with the Yoast SEO plugin v15.1 - https:\/\/yoast.com\/wordpress\/plugins\/seo\/ -->\n<title>Desafios para garantir o direito \u00e0 educa\u00e7\u00e3o em tempos de e p\u00f3s pandemia \u00e9 tema da confer\u00eancia de abertura do 8\u00ba F\u00f3rum Nacional Extraordin\u00e1rio da Undime &raquo; Abrelivros<\/title>\n<meta name=\"robots\" content=\"index, follow, max-snippet:-1, max-image-preview:large, max-video-preview:-1\" \/>\n<link rel=\"canonical\" href=\"https:\/\/abrelivros.org.br\/site\/desafios-para-garantir-o-direito-a-educacao-em-tempos-de-e-pos-pandemia-e-tema-da-conferencia-de-abertura-do-8o-forum-nacional-extraordinario-da-undime\/\" \/>\n<meta property=\"og:locale\" content=\"pt_BR\" \/>\n<meta property=\"og:type\" content=\"article\" \/>\n<meta property=\"og:title\" content=\"Desafios para garantir o direito \u00e0 educa\u00e7\u00e3o em tempos de e p\u00f3s pandemia \u00e9 tema da confer\u00eancia de abertura do 8\u00ba F\u00f3rum Nacional Extraordin\u00e1rio da Undime &raquo; Abrelivros\" \/>\n<meta property=\"og:description\" content=\"No primeiro dia, 7 de dezembro (segunda-feira), ser\u00e1 realizada a confer\u00eancia de abertura, sobre o tema central do evento &#8220;Desafios para garantir o direito \u00e0 educa\u00e7\u00e3o em tempos de e p\u00f3s pandemia&#8221;. Participam dessa discuss\u00e3o o ministro da Educa\u00e7\u00e3o, Milton Ribeiro; a deputada federal Professora Dorinha Seabra Rezende, presidente da Frente Parlamentar Mista da Educa\u00e7\u00e3o; [&hellip;]\" \/>\n<meta property=\"og:url\" content=\"https:\/\/abrelivros.org.br\/site\/desafios-para-garantir-o-direito-a-educacao-em-tempos-de-e-pos-pandemia-e-tema-da-conferencia-de-abertura-do-8o-forum-nacional-extraordinario-da-undime\/\" \/>\n<meta property=\"og:site_name\" content=\"Abrelivros\" \/>\n<meta property=\"article:published_time\" content=\"2020-11-25T16:25:24+00:00\" \/>\n<meta name=\"twitter:card\" content=\"summary_large_image\" \/>\n<script type=\"application\/ld+json\" class=\"yoast-schema-graph\">{\"@context\":\"https:\/\/schema.org\",\"@graph\":[{\"@type\":\"WebSite\",\"@id\":\"https:\/\/abrelivros.org.br\/site\/#website\",\"url\":\"https:\/\/abrelivros.org.br\/site\/\",\"name\":\"Abrelivros\",\"description\":\"\",\"potentialAction\":[{\"@type\":\"SearchAction\",\"target\":\"https:\/\/abrelivros.org.br\/site\/?s={search_term_string}\",\"query-input\":\"required name=search_term_string\"}],\"inLanguage\":\"pt-BR\"},{\"@type\":\"WebPage\",\"@id\":\"https:\/\/abrelivros.org.br\/site\/desafios-para-garantir-o-direito-a-educacao-em-tempos-de-e-pos-pandemia-e-tema-da-conferencia-de-abertura-do-8o-forum-nacional-extraordinario-da-undime\/#webpage\",\"url\":\"https:\/\/abrelivros.org.br\/site\/desafios-para-garantir-o-direito-a-educacao-em-tempos-de-e-pos-pandemia-e-tema-da-conferencia-de-abertura-do-8o-forum-nacional-extraordinario-da-undime\/\",\"name\":\"Desafios para garantir o direito \\u00e0 educa\\u00e7\\u00e3o em tempos de e p\\u00f3s pandemia \\u00e9 tema da confer\\u00eancia de abertura do 8\\u00ba F\\u00f3rum Nacional Extraordin\\u00e1rio da Undime &raquo; Abrelivros\",\"isPartOf\":{\"@id\":\"https:\/\/abrelivros.org.br\/site\/#website\"},\"datePublished\":\"2020-11-25T16:25:24+00:00\",\"dateModified\":\"2020-11-25T16:25:24+00:00\",\"author\":{\"@id\":\"https:\/\/abrelivros.org.br\/site\/#\/schema\/person\/65db80e26409802ce15ac5feec6a15fd\"},\"breadcrumb\":{\"@id\":\"https:\/\/abrelivros.org.br\/site\/desafios-para-garantir-o-direito-a-educacao-em-tempos-de-e-pos-pandemia-e-tema-da-conferencia-de-abertura-do-8o-forum-nacional-extraordinario-da-undime\/#breadcrumb\"},\"inLanguage\":\"pt-BR\",\"potentialAction\":[{\"@type\":\"ReadAction\",\"target\":[\"https:\/\/abrelivros.org.br\/site\/desafios-para-garantir-o-direito-a-educacao-em-tempos-de-e-pos-pandemia-e-tema-da-conferencia-de-abertura-do-8o-forum-nacional-extraordinario-da-undime\/\"]}]},{\"@type\":\"BreadcrumbList\",\"@id\":\"https:\/\/abrelivros.org.br\/site\/desafios-para-garantir-o-direito-a-educacao-em-tempos-de-e-pos-pandemia-e-tema-da-conferencia-de-abertura-do-8o-forum-nacional-extraordinario-da-undime\/#breadcrumb\",\"itemListElement\":[{\"@type\":\"ListItem\",\"position\":1,\"item\":{\"@type\":\"WebPage\",\"@id\":\"https:\/\/abrelivros.org.br\/site\/\",\"url\":\"https:\/\/abrelivros.org.br\/site\/\",\"name\":\"In\\u00edcio\"}},{\"@type\":\"ListItem\",\"position\":2,\"item\":{\"@type\":\"WebPage\",\"@id\":\"https:\/\/abrelivros.org.br\/site\/category\/noticias\/\",\"url\":\"https:\/\/abrelivros.org.br\/site\/category\/noticias\/\",\"name\":\"Not\\u00edcias\"}},{\"@type\":\"ListItem\",\"position\":3,\"item\":{\"@type\":\"WebPage\",\"@id\":\"https:\/\/abrelivros.org.br\/site\/category\/noticias\/noticias-da-imprensa\/\",\"url\":\"https:\/\/abrelivros.org.br\/site\/category\/noticias\/noticias-da-imprensa\/\",\"name\":\"Not\\u00edcias da imprensa\"}},{\"@type\":\"ListItem\",\"position\":4,\"item\":{\"@type\":\"WebPage\",\"@id\":\"https:\/\/abrelivros.org.br\/site\/desafios-para-garantir-o-direito-a-educacao-em-tempos-de-e-pos-pandemia-e-tema-da-conferencia-de-abertura-do-8o-forum-nacional-extraordinario-da-undime\/\",\"url\":\"https:\/\/abrelivros.org.br\/site\/desafios-para-garantir-o-direito-a-educacao-em-tempos-de-e-pos-pandemia-e-tema-da-conferencia-de-abertura-do-8o-forum-nacional-extraordinario-da-undime\/\",\"name\":\"Desafios para garantir o direito \\u00e0 educa\\u00e7\\u00e3o em tempos de e p\\u00f3s pandemia \\u00e9 tema da confer\\u00eancia de abertura do 8\\u00ba F\\u00f3rum Nacional Extraordin\\u00e1rio da Undime\"}}]},{\"@type\":\"Person\",\"@id\":\"https:\/\/abrelivros.org.br\/site\/#\/schema\/person\/65db80e26409802ce15ac5feec6a15fd\",\"name\":\"Reda\\u00e7\\u00e3o Abrelivros\",\"image\":{\"@type\":\"ImageObject\",\"@id\":\"https:\/\/abrelivros.org.br\/site\/#personlogo\",\"inLanguage\":\"pt-BR\",\"url\":\"https:\/\/secure.gravatar.com\/avatar\/c4e57f9c7e3482965bd428192061218520756c39080b1d1820b679fa5e9af192?s=96&d=mm&r=g\",\"caption\":\"Reda\\u00e7\\u00e3o Abrelivros\"}}]}<\/script>\n<!-- \/ Yoast SEO plugin. -->","_links":{"self":[{"href":"https:\/\/abrelivros.org.br\/site\/wp-json\/wp\/v2\/posts\/12574","targetHints":{"allow":["GET"]}}],"collection":[{"href":"https:\/\/abrelivros.org.br\/site\/wp-json\/wp\/v2\/posts"}],"about":[{"href":"https:\/\/abrelivros.org.br\/site\/wp-json\/wp\/v2\/types\/post"}],"author":[{"embeddable":true,"href":"https:\/\/abrelivros.org.br\/site\/wp-json\/wp\/v2\/users\/4"}],"replies":[{"embeddable":true,"href":"https:\/\/abrelivros.org.br\/site\/wp-json\/wp\/v2\/comments?post=12574"}],"version-history":[{"count":1,"href":"https:\/\/abrelivros.org.br\/site\/wp-json\/wp\/v2\/posts\/12574\/revisions"}],"predecessor-version":[{"id":12575,"href":"https:\/\/abrelivros.org.br\/site\/wp-json\/wp\/v2\/posts\/12574\/revisions\/12575"}],"wp:attachment":[{"href":"https:\/\/abrelivros.org.br\/site\/wp-json\/wp\/v2\/media?parent=12574"}],"wp:term":[{"taxonomy":"category","embeddable":true,"href":"https:\/\/abrelivros.org.br\/site\/wp-json\/wp\/v2\/categories?post=12574"},{"taxonomy":"post_tag","embeddable":true,"href":"https:\/\/abrelivros.org.br\/site\/wp-json\/wp\/v2\/tags?post=12574"}],"curies":[{"name":"wp","href":"https:\/\/api.w.org\/{rel}","templated":true}]}}