{"id":12570,"date":"2020-11-24T14:28:19","date_gmt":"2020-11-24T17:28:19","guid":{"rendered":"https:\/\/abrelivros.org.br\/site\/?p=12570"},"modified":"2020-11-24T14:28:19","modified_gmt":"2020-11-24T17:28:19","slug":"maioria-apoia-isencao-de-tributos-para-livros-e-jornais-aponta-datasenado","status":"publish","type":"post","link":"https:\/\/abrelivros.org.br\/site\/maioria-apoia-isencao-de-tributos-para-livros-e-jornais-aponta-datasenado\/","title":{"rendered":"Maioria apoia isen\u00e7\u00e3o de tributos para livros e jornais, aponta DataSenado"},"content":{"rendered":"<p>Livros, jornais, peri\u00f3dicos e o papel destinado \u00e0 impress\u00e3o deles devem permanecer isentos de qualquer tributo ou imposto, assim como suas vers\u00f5es digitais. \u00c9 o que acredita a maioria dos participantes de enquete do DataSenado de outubro, que questionou se a proposi\u00e7\u00e3o apresentada por Randolfe Rodrigues (Rede-AP) para assegurar imunidade tribut\u00e1ria a essas publica\u00e7\u00f5es deve ser aprovada. A Proposta de Emenda \u00e0 Constitui\u00e7\u00e3o (PEC) 31\/2020 recebeu o apoio de 87% dos votantes, enquanto 9% s\u00e3o contra e 4% n\u00e3o sabem opinar.<!--more--><\/p>\n<p>Para 86% dos participantes, zerar a carga tribut\u00e1ria de livros, jornais e peri\u00f3dicos \u00e9 muito importante e para outros 7% \u00e9 pouco importante. Segundo 87% dos participantes, a isen\u00e7\u00e3o tribut\u00e1ria para os exemplares f\u00edsicos deve ser estendida a livros, jornais e peri\u00f3dicos publicados em formato eletr\u00f4nico.<\/p>\n<p>Do total de internautas que responderam, 89% acham que n\u00e3o cobrar tributos sobre livros, jornais e peri\u00f3dicos contribui para a difus\u00e3o de conhecimento. A enquete contou com 175 participantes e ficou dispon\u00edvel no Portal do DataSenado entre os dias 1o de outubro e 2 de novembro de 2020.<\/p>\n<p><strong>Isen\u00e7\u00e3o<\/p>\n<p><\/strong>Segundo Randolfe, a aprova\u00e7\u00e3o da PEC 31\/2020 \u00e9 relevante depois que o governo apresentou, em julho, o projeto (<a href=\"https:\/\/www.camara.leg.br\/proposicoesWeb\/fichadetramitacao?idProposicao=2258196\" target=\"_blank\" rel=\"noopener noreferrer\">PL 3.887\/2020<\/a>) que cria a Contribui\u00e7\u00e3o sobre Bens e Servi\u00e7os (CBS) em substitui\u00e7\u00e3o \u00e0 Contribui\u00e7\u00e3o ao Financiamento da Seguridade Social (Cofins) e ao Programa de Integra\u00e7\u00e3o Social e Forma\u00e7\u00e3o do Patrim\u00f4nio do Servidor P\u00fablico (PIS\/Pasep).<\/p>\n<p>A mudan\u00e7a sugerida pelo governo altera a isen\u00e7\u00e3o hoje existente. Atualmente, o mercado de livros \u00e9 protegido pela Constitui\u00e7\u00e3o de pagar impostos (art. 150) como o aplicado sobre a renda (IR) ou o de circula\u00e7\u00e3o de mercadorias (ICMS). A Lei 10.865, de 2004, tamb\u00e9m garante aos livros a isen\u00e7\u00e3o de tributos como a Cofins e o PIS\/Pasep. Caso o projeto que cria o CBS, um novo tributo, seja aprovado, a ind\u00fastria do livro ficar\u00e1 sujeita a essa nova cobran\u00e7a.<\/p>\n<p>A PEC de Randolfe busca consolidar e garantir seguran\u00e7a jur\u00eddica a todas as pol\u00edticas que isentam as ind\u00fastrias de livros, jornais, peri\u00f3dicos e o papel utilizado para impress\u00e3o e para suas vers\u00f5es digitais, incluindo na Constitui\u00e7\u00e3o a proibi\u00e7\u00e3o \u00e0 cobran\u00e7a de qualquer tributo, n\u00e3o apenas de impostos.<\/p>\n<p>\u201c\u00c9 salutar que se constitucionalize a ideia macro de zerar a carga tribut\u00e1ria geral incidente sobre os livros; mesmo que isso seja feito, na PEC, afastando-se a compet\u00eancia tribut\u00e1ria do ente e n\u00e3o zerando a al\u00edquota propriamente. Tal fato \u00e9, em certa medida, uma realidade da interpreta\u00e7\u00e3o jur\u00eddica atual, que j\u00e1 estende a imunidade a impostos, por interpreta\u00e7\u00e3o teleol\u00f3gica objetiva, \u00e0s demais esp\u00e9cies tribut\u00e1rias. Tornou-se imperioso solidificar este entendimento. Neste mesmo sentido, a pr\u00f3pria imunidade tribut\u00e1ria j\u00e1 \u00e9 estendida aos livros eletr\u00f4nicos, inclusive pelo pr\u00f3prio teor da S\u00famula Vinculante n\u00ba 57. Ou seja, n\u00e3o se trata exatamente de uma novidade no ponto, mas, novamente, de uma constitucionaliza\u00e7\u00e3o da pr\u00e1tica judici\u00e1ria\u201d, aponta o senador na justificativa da PEC.<\/p>\n<p>Pelo texto da PEC, os governos federal, estaduais e municipais ficam proibidos de instituir qualquer tributo sobre livros, jornais e peri\u00f3dicos, sejam f\u00edsicos ou eletr\u00f4nicos. Randolfe defende que os livros s\u00e3o um instrumento primordial de evolu\u00e7\u00e3o civilizat\u00f3ria, resguardam a pluralidade de ideias e a liberdade de express\u00e3o, e tornaram-se um dos pilares das democracias modernas.<\/p>\n<p>O senador cita ainda que o escritor Jorge Amado, consagrado mundialmente e que foi deputado constituinte em 1946, foi o primeiro a propor isen\u00e7\u00e3o tribut\u00e1ria sobre a ind\u00fastria de livros. Sua proposta foi aprovada e entrou na Constitui\u00e7\u00e3o, sendo depois mantida pela Constitui\u00e7\u00e3o de 1988.<\/p>\n<p><strong>DataSenado<\/strong><\/p>\n<p>Para subsidiar o trabalho parlamentar e auxiliar na defini\u00e7\u00e3o de prioridades, o <a href=\"https:\/\/www12.senado.leg.br\/noticias\/institucional\/datasenado\" target=\"_blank\" rel=\"noopener noreferrer\">Instituto DataSenado <\/a>faz rodadas frequentes de enquetes e pesquisas de opini\u00e3o. Durante todo o m\u00eas de novembro, os internautas poder\u00e3o opinar na proposta que cria o 14\u00ba sal\u00e1rio emergencial para benefici\u00e1rios do Regime Geral de Previd\u00eancia Social.<\/p>\n<p>O <a href=\"https:\/\/www25.senado.leg.br\/web\/atividade\/materias\/-\/materia\/143240\" target=\"_blank\" rel=\"noopener noreferrer\">PL 3.657\/2020<\/a>, do senador Paulo Paim (PT-RS) sugere dobrar, em 2020, o abono anual dos segurados e dependentes da Previd\u00eancia, instituindo, na pr\u00e1tica, um 14\u00ba sal\u00e1rio em favor dos que recebem aux\u00edlio-doen\u00e7a, aux\u00edlio-acidente ou aposentadoria, pens\u00e3o por morte ou aux\u00edlio-reclus\u00e3o.<\/p>\n","protected":false},"excerpt":{"rendered":"<p>Livros, jornais, peri\u00f3dicos e o papel destinado \u00e0 impress\u00e3o deles devem permanecer isentos de qualquer tributo ou imposto, assim como suas vers\u00f5es digitais. \u00c9 o que acredita a maioria dos participantes de enquete do DataSenado de outubro, que questionou se a proposi\u00e7\u00e3o apresentada por Randolfe Rodrigues (Rede-AP) para assegurar imunidade tribut\u00e1ria a essas publica\u00e7\u00f5es deve [&hellip;]<\/p>\n","protected":false},"author":4,"featured_media":0,"comment_status":"closed","ping_status":"closed","sticky":false,"template":"","format":"standard","meta":{"footnotes":"","_links_to":"","_links_to_target":""},"categories":[9],"tags":[],"class_list":["post-12570","post","type-post","status-publish","format-standard","hentry","category-noticias-da-imprensa"],"yoast_head":"<!-- This site is optimized with the Yoast SEO plugin v15.1 - https:\/\/yoast.com\/wordpress\/plugins\/seo\/ -->\n<title>Maioria apoia isen\u00e7\u00e3o de tributos para livros e jornais, aponta DataSenado &raquo; Abrelivros<\/title>\n<meta name=\"robots\" content=\"index, follow, max-snippet:-1, max-image-preview:large, max-video-preview:-1\" \/>\n<link rel=\"canonical\" href=\"https:\/\/abrelivros.org.br\/site\/maioria-apoia-isencao-de-tributos-para-livros-e-jornais-aponta-datasenado\/\" \/>\n<meta property=\"og:locale\" content=\"pt_BR\" \/>\n<meta property=\"og:type\" content=\"article\" \/>\n<meta property=\"og:title\" content=\"Maioria apoia isen\u00e7\u00e3o de tributos para livros e jornais, aponta DataSenado &raquo; Abrelivros\" \/>\n<meta property=\"og:description\" content=\"Livros, jornais, peri\u00f3dicos e o papel destinado \u00e0 impress\u00e3o deles devem permanecer isentos de qualquer tributo ou imposto, assim como suas vers\u00f5es digitais. \u00c9 o que acredita a maioria dos participantes de enquete do DataSenado de outubro, que questionou se a proposi\u00e7\u00e3o apresentada por Randolfe Rodrigues (Rede-AP) para assegurar imunidade tribut\u00e1ria a essas publica\u00e7\u00f5es deve [&hellip;]\" \/>\n<meta property=\"og:url\" content=\"https:\/\/abrelivros.org.br\/site\/maioria-apoia-isencao-de-tributos-para-livros-e-jornais-aponta-datasenado\/\" \/>\n<meta property=\"og:site_name\" content=\"Abrelivros\" \/>\n<meta property=\"article:published_time\" content=\"2020-11-24T17:28:19+00:00\" \/>\n<meta name=\"twitter:card\" content=\"summary_large_image\" \/>\n<script type=\"application\/ld+json\" class=\"yoast-schema-graph\">{\"@context\":\"https:\/\/schema.org\",\"@graph\":[{\"@type\":\"WebSite\",\"@id\":\"https:\/\/abrelivros.org.br\/site\/#website\",\"url\":\"https:\/\/abrelivros.org.br\/site\/\",\"name\":\"Abrelivros\",\"description\":\"\",\"potentialAction\":[{\"@type\":\"SearchAction\",\"target\":\"https:\/\/abrelivros.org.br\/site\/?s={search_term_string}\",\"query-input\":\"required name=search_term_string\"}],\"inLanguage\":\"pt-BR\"},{\"@type\":\"WebPage\",\"@id\":\"https:\/\/abrelivros.org.br\/site\/maioria-apoia-isencao-de-tributos-para-livros-e-jornais-aponta-datasenado\/#webpage\",\"url\":\"https:\/\/abrelivros.org.br\/site\/maioria-apoia-isencao-de-tributos-para-livros-e-jornais-aponta-datasenado\/\",\"name\":\"Maioria apoia isen\\u00e7\\u00e3o de tributos para livros e jornais, aponta DataSenado &raquo; Abrelivros\",\"isPartOf\":{\"@id\":\"https:\/\/abrelivros.org.br\/site\/#website\"},\"datePublished\":\"2020-11-24T17:28:19+00:00\",\"dateModified\":\"2020-11-24T17:28:19+00:00\",\"author\":{\"@id\":\"https:\/\/abrelivros.org.br\/site\/#\/schema\/person\/65db80e26409802ce15ac5feec6a15fd\"},\"breadcrumb\":{\"@id\":\"https:\/\/abrelivros.org.br\/site\/maioria-apoia-isencao-de-tributos-para-livros-e-jornais-aponta-datasenado\/#breadcrumb\"},\"inLanguage\":\"pt-BR\",\"potentialAction\":[{\"@type\":\"ReadAction\",\"target\":[\"https:\/\/abrelivros.org.br\/site\/maioria-apoia-isencao-de-tributos-para-livros-e-jornais-aponta-datasenado\/\"]}]},{\"@type\":\"BreadcrumbList\",\"@id\":\"https:\/\/abrelivros.org.br\/site\/maioria-apoia-isencao-de-tributos-para-livros-e-jornais-aponta-datasenado\/#breadcrumb\",\"itemListElement\":[{\"@type\":\"ListItem\",\"position\":1,\"item\":{\"@type\":\"WebPage\",\"@id\":\"https:\/\/abrelivros.org.br\/site\/\",\"url\":\"https:\/\/abrelivros.org.br\/site\/\",\"name\":\"In\\u00edcio\"}},{\"@type\":\"ListItem\",\"position\":2,\"item\":{\"@type\":\"WebPage\",\"@id\":\"https:\/\/abrelivros.org.br\/site\/category\/noticias\/\",\"url\":\"https:\/\/abrelivros.org.br\/site\/category\/noticias\/\",\"name\":\"Not\\u00edcias\"}},{\"@type\":\"ListItem\",\"position\":3,\"item\":{\"@type\":\"WebPage\",\"@id\":\"https:\/\/abrelivros.org.br\/site\/category\/noticias\/noticias-da-imprensa\/\",\"url\":\"https:\/\/abrelivros.org.br\/site\/category\/noticias\/noticias-da-imprensa\/\",\"name\":\"Not\\u00edcias da imprensa\"}},{\"@type\":\"ListItem\",\"position\":4,\"item\":{\"@type\":\"WebPage\",\"@id\":\"https:\/\/abrelivros.org.br\/site\/maioria-apoia-isencao-de-tributos-para-livros-e-jornais-aponta-datasenado\/\",\"url\":\"https:\/\/abrelivros.org.br\/site\/maioria-apoia-isencao-de-tributos-para-livros-e-jornais-aponta-datasenado\/\",\"name\":\"Maioria apoia isen\\u00e7\\u00e3o de tributos para livros e jornais, aponta DataSenado\"}}]},{\"@type\":\"Person\",\"@id\":\"https:\/\/abrelivros.org.br\/site\/#\/schema\/person\/65db80e26409802ce15ac5feec6a15fd\",\"name\":\"Reda\\u00e7\\u00e3o Abrelivros\",\"image\":{\"@type\":\"ImageObject\",\"@id\":\"https:\/\/abrelivros.org.br\/site\/#personlogo\",\"inLanguage\":\"pt-BR\",\"url\":\"https:\/\/secure.gravatar.com\/avatar\/c4e57f9c7e3482965bd428192061218520756c39080b1d1820b679fa5e9af192?s=96&d=mm&r=g\",\"caption\":\"Reda\\u00e7\\u00e3o Abrelivros\"}}]}<\/script>\n<!-- \/ Yoast SEO plugin. -->","_links":{"self":[{"href":"https:\/\/abrelivros.org.br\/site\/wp-json\/wp\/v2\/posts\/12570","targetHints":{"allow":["GET"]}}],"collection":[{"href":"https:\/\/abrelivros.org.br\/site\/wp-json\/wp\/v2\/posts"}],"about":[{"href":"https:\/\/abrelivros.org.br\/site\/wp-json\/wp\/v2\/types\/post"}],"author":[{"embeddable":true,"href":"https:\/\/abrelivros.org.br\/site\/wp-json\/wp\/v2\/users\/4"}],"replies":[{"embeddable":true,"href":"https:\/\/abrelivros.org.br\/site\/wp-json\/wp\/v2\/comments?post=12570"}],"version-history":[{"count":1,"href":"https:\/\/abrelivros.org.br\/site\/wp-json\/wp\/v2\/posts\/12570\/revisions"}],"predecessor-version":[{"id":12571,"href":"https:\/\/abrelivros.org.br\/site\/wp-json\/wp\/v2\/posts\/12570\/revisions\/12571"}],"wp:attachment":[{"href":"https:\/\/abrelivros.org.br\/site\/wp-json\/wp\/v2\/media?parent=12570"}],"wp:term":[{"taxonomy":"category","embeddable":true,"href":"https:\/\/abrelivros.org.br\/site\/wp-json\/wp\/v2\/categories?post=12570"},{"taxonomy":"post_tag","embeddable":true,"href":"https:\/\/abrelivros.org.br\/site\/wp-json\/wp\/v2\/tags?post=12570"}],"curies":[{"name":"wp","href":"https:\/\/api.w.org\/{rel}","templated":true}]}}