{"id":12555,"date":"2020-11-23T15:19:57","date_gmt":"2020-11-23T18:19:57","guid":{"rendered":"https:\/\/abrelivros.org.br\/site\/?p=12555"},"modified":"2020-11-23T15:52:51","modified_gmt":"2020-11-23T18:52:51","slug":"ceara-participara-do-encontro-tecnico-estadual-do-programa-nacional-do-livro-e-do-material-didatico","status":"publish","type":"post","link":"https:\/\/abrelivros.org.br\/site\/ceara-participara-do-encontro-tecnico-estadual-do-programa-nacional-do-livro-e-do-material-didatico\/","title":{"rendered":"Cear\u00e1 participar\u00e1 do Encontro T\u00e9cnico Estadual do Programa Nacional do Livro e do Material Did\u00e1tico"},"content":{"rendered":"<p>Com foco na presta\u00e7\u00e3o de assist\u00eancia t\u00e9cnica, o Fundo Nacional de Desenvolvimento da Educa\u00e7\u00e3o (FNDE) promover\u00e1, no pr\u00f3ximo dia 26, o 4\u00b0 Encontro T\u00e9cnico Estadual do Programa Nacional do Livro e do Material Did\u00e1tico (PNLD). O evento ocorre de forma virtual, com a proposta de fortalecer parcerias e integrar gestores das redes locais de ensino envolvidos na execu\u00e7\u00e3o do programa.<!--more--><\/p>\n<p>O encontro contar\u00e1 com a participa\u00e7\u00e3o de t\u00e9cnicos do FNDE, al\u00e9m de profissionais das secretarias estaduais e municipais do Estado do Cear\u00e1 e da Empresa Brasileira de Correios e Tel\u00e9grafos, que poder\u00e3o oferecer orienta\u00e7\u00f5es sobre o recebimento dos materiais did\u00e1ticos de acordo com o protocolo de seguran\u00e7a neste momento de pandemia.<\/p>\n<p>\u201cO objetivo do encontro \u00e9 reunir t\u00e9cnicos parceiros da \u00e1rea de educa\u00e7\u00e3o para compartilhar experi\u00eancias e propor atualiza\u00e7\u00f5es, buscando aprimorar as a\u00e7\u00f5es desenvolvidas no \u00e2mbito do PNLD. Essas intera\u00e7\u00f5es proporcionadas por esses encontros t\u00eam fortalecido a integra\u00e7\u00e3o regional entre os milhares de colaboradores que executam o programa em todo o Brasil\u201d, destaca N\u00e1dja C\u00e9zar, coordenadora-geral dos Programas do Livro do FNDE.<\/p>\n<p>A primeira edi\u00e7\u00e3o do Encontro T\u00e9cnico Estadual foi direcionada ao Maranh\u00e3o. J\u00e1 a segunda, ao Rio de Janeiro, sendo a terceira voltada a Minas Gerais, com cerca de 200 participantes. Dessa vez, o encontro ser\u00e1 dirigido a agentes educacionais do Cear\u00e1.<\/p>\n<p>O evento acontecer\u00e1 por meio da plataforma RNP, para t\u00e9cnicos indicados e inscritos pelas secretarias estaduais e municipais cearenses.<\/p>\n","protected":false},"excerpt":{"rendered":"<p>Com foco na presta\u00e7\u00e3o de assist\u00eancia t\u00e9cnica, o Fundo Nacional de Desenvolvimento da Educa\u00e7\u00e3o (FNDE) promover\u00e1, no pr\u00f3ximo dia 26, o 4\u00b0 Encontro T\u00e9cnico Estadual do Programa Nacional do Livro e do Material Did\u00e1tico (PNLD). O evento ocorre de forma virtual, com a proposta de fortalecer parcerias e integrar gestores das redes locais de ensino [&hellip;]<\/p>\n","protected":false},"author":4,"featured_media":0,"comment_status":"closed","ping_status":"closed","sticky":false,"template":"","format":"standard","meta":{"footnotes":"","_links_to":"","_links_to_target":""},"categories":[9],"tags":[],"class_list":["post-12555","post","type-post","status-publish","format-standard","hentry","category-noticias-da-imprensa"],"yoast_head":"<!-- This site is optimized with the Yoast SEO plugin v15.1 - https:\/\/yoast.com\/wordpress\/plugins\/seo\/ -->\n<title>Cear\u00e1 participar\u00e1 do Encontro T\u00e9cnico Estadual do Programa Nacional do Livro e do Material Did\u00e1tico &raquo; Abrelivros<\/title>\n<meta name=\"robots\" content=\"index, follow, max-snippet:-1, max-image-preview:large, max-video-preview:-1\" \/>\n<link rel=\"canonical\" href=\"https:\/\/abrelivros.org.br\/site\/ceara-participara-do-encontro-tecnico-estadual-do-programa-nacional-do-livro-e-do-material-didatico\/\" \/>\n<meta property=\"og:locale\" content=\"pt_BR\" \/>\n<meta property=\"og:type\" content=\"article\" \/>\n<meta property=\"og:title\" content=\"Cear\u00e1 participar\u00e1 do Encontro T\u00e9cnico Estadual do Programa Nacional do Livro e do Material Did\u00e1tico &raquo; Abrelivros\" \/>\n<meta property=\"og:description\" content=\"Com foco na presta\u00e7\u00e3o de assist\u00eancia t\u00e9cnica, o Fundo Nacional de Desenvolvimento da Educa\u00e7\u00e3o (FNDE) promover\u00e1, no pr\u00f3ximo dia 26, o 4\u00b0 Encontro T\u00e9cnico Estadual do Programa Nacional do Livro e do Material Did\u00e1tico (PNLD). O evento ocorre de forma virtual, com a proposta de fortalecer parcerias e integrar gestores das redes locais de ensino [&hellip;]\" \/>\n<meta property=\"og:url\" content=\"https:\/\/abrelivros.org.br\/site\/ceara-participara-do-encontro-tecnico-estadual-do-programa-nacional-do-livro-e-do-material-didatico\/\" \/>\n<meta property=\"og:site_name\" content=\"Abrelivros\" \/>\n<meta property=\"article:published_time\" content=\"2020-11-23T18:19:57+00:00\" \/>\n<meta property=\"article:modified_time\" content=\"2020-11-23T18:52:51+00:00\" \/>\n<meta name=\"twitter:card\" content=\"summary_large_image\" \/>\n<script type=\"application\/ld+json\" class=\"yoast-schema-graph\">{\"@context\":\"https:\/\/schema.org\",\"@graph\":[{\"@type\":\"WebSite\",\"@id\":\"https:\/\/abrelivros.org.br\/site\/#website\",\"url\":\"https:\/\/abrelivros.org.br\/site\/\",\"name\":\"Abrelivros\",\"description\":\"\",\"potentialAction\":[{\"@type\":\"SearchAction\",\"target\":\"https:\/\/abrelivros.org.br\/site\/?s={search_term_string}\",\"query-input\":\"required name=search_term_string\"}],\"inLanguage\":\"pt-BR\"},{\"@type\":\"WebPage\",\"@id\":\"https:\/\/abrelivros.org.br\/site\/ceara-participara-do-encontro-tecnico-estadual-do-programa-nacional-do-livro-e-do-material-didatico\/#webpage\",\"url\":\"https:\/\/abrelivros.org.br\/site\/ceara-participara-do-encontro-tecnico-estadual-do-programa-nacional-do-livro-e-do-material-didatico\/\",\"name\":\"Cear\\u00e1 participar\\u00e1 do Encontro T\\u00e9cnico Estadual do Programa Nacional do Livro e do Material Did\\u00e1tico &raquo; Abrelivros\",\"isPartOf\":{\"@id\":\"https:\/\/abrelivros.org.br\/site\/#website\"},\"datePublished\":\"2020-11-23T18:19:57+00:00\",\"dateModified\":\"2020-11-23T18:52:51+00:00\",\"author\":{\"@id\":\"https:\/\/abrelivros.org.br\/site\/#\/schema\/person\/65db80e26409802ce15ac5feec6a15fd\"},\"breadcrumb\":{\"@id\":\"https:\/\/abrelivros.org.br\/site\/ceara-participara-do-encontro-tecnico-estadual-do-programa-nacional-do-livro-e-do-material-didatico\/#breadcrumb\"},\"inLanguage\":\"pt-BR\",\"potentialAction\":[{\"@type\":\"ReadAction\",\"target\":[\"https:\/\/abrelivros.org.br\/site\/ceara-participara-do-encontro-tecnico-estadual-do-programa-nacional-do-livro-e-do-material-didatico\/\"]}]},{\"@type\":\"BreadcrumbList\",\"@id\":\"https:\/\/abrelivros.org.br\/site\/ceara-participara-do-encontro-tecnico-estadual-do-programa-nacional-do-livro-e-do-material-didatico\/#breadcrumb\",\"itemListElement\":[{\"@type\":\"ListItem\",\"position\":1,\"item\":{\"@type\":\"WebPage\",\"@id\":\"https:\/\/abrelivros.org.br\/site\/\",\"url\":\"https:\/\/abrelivros.org.br\/site\/\",\"name\":\"In\\u00edcio\"}},{\"@type\":\"ListItem\",\"position\":2,\"item\":{\"@type\":\"WebPage\",\"@id\":\"https:\/\/abrelivros.org.br\/site\/category\/noticias\/\",\"url\":\"https:\/\/abrelivros.org.br\/site\/category\/noticias\/\",\"name\":\"Not\\u00edcias\"}},{\"@type\":\"ListItem\",\"position\":3,\"item\":{\"@type\":\"WebPage\",\"@id\":\"https:\/\/abrelivros.org.br\/site\/category\/noticias\/noticias-da-imprensa\/\",\"url\":\"https:\/\/abrelivros.org.br\/site\/category\/noticias\/noticias-da-imprensa\/\",\"name\":\"Not\\u00edcias da imprensa\"}},{\"@type\":\"ListItem\",\"position\":4,\"item\":{\"@type\":\"WebPage\",\"@id\":\"https:\/\/abrelivros.org.br\/site\/ceara-participara-do-encontro-tecnico-estadual-do-programa-nacional-do-livro-e-do-material-didatico\/\",\"url\":\"https:\/\/abrelivros.org.br\/site\/ceara-participara-do-encontro-tecnico-estadual-do-programa-nacional-do-livro-e-do-material-didatico\/\",\"name\":\"Cear\\u00e1 participar\\u00e1 do Encontro T\\u00e9cnico Estadual do Programa Nacional do Livro e do Material Did\\u00e1tico\"}}]},{\"@type\":\"Person\",\"@id\":\"https:\/\/abrelivros.org.br\/site\/#\/schema\/person\/65db80e26409802ce15ac5feec6a15fd\",\"name\":\"Reda\\u00e7\\u00e3o Abrelivros\",\"image\":{\"@type\":\"ImageObject\",\"@id\":\"https:\/\/abrelivros.org.br\/site\/#personlogo\",\"inLanguage\":\"pt-BR\",\"url\":\"https:\/\/secure.gravatar.com\/avatar\/c4e57f9c7e3482965bd428192061218520756c39080b1d1820b679fa5e9af192?s=96&d=mm&r=g\",\"caption\":\"Reda\\u00e7\\u00e3o Abrelivros\"}}]}<\/script>\n<!-- \/ Yoast SEO plugin. -->","_links":{"self":[{"href":"https:\/\/abrelivros.org.br\/site\/wp-json\/wp\/v2\/posts\/12555","targetHints":{"allow":["GET"]}}],"collection":[{"href":"https:\/\/abrelivros.org.br\/site\/wp-json\/wp\/v2\/posts"}],"about":[{"href":"https:\/\/abrelivros.org.br\/site\/wp-json\/wp\/v2\/types\/post"}],"author":[{"embeddable":true,"href":"https:\/\/abrelivros.org.br\/site\/wp-json\/wp\/v2\/users\/4"}],"replies":[{"embeddable":true,"href":"https:\/\/abrelivros.org.br\/site\/wp-json\/wp\/v2\/comments?post=12555"}],"version-history":[{"count":1,"href":"https:\/\/abrelivros.org.br\/site\/wp-json\/wp\/v2\/posts\/12555\/revisions"}],"predecessor-version":[{"id":12556,"href":"https:\/\/abrelivros.org.br\/site\/wp-json\/wp\/v2\/posts\/12555\/revisions\/12556"}],"wp:attachment":[{"href":"https:\/\/abrelivros.org.br\/site\/wp-json\/wp\/v2\/media?parent=12555"}],"wp:term":[{"taxonomy":"category","embeddable":true,"href":"https:\/\/abrelivros.org.br\/site\/wp-json\/wp\/v2\/categories?post=12555"},{"taxonomy":"post_tag","embeddable":true,"href":"https:\/\/abrelivros.org.br\/site\/wp-json\/wp\/v2\/tags?post=12555"}],"curies":[{"name":"wp","href":"https:\/\/api.w.org\/{rel}","templated":true}]}}