{"id":12553,"date":"2020-11-23T15:00:56","date_gmt":"2020-11-23T18:00:56","guid":{"rendered":"https:\/\/abrelivros.org.br\/site\/?p=12553"},"modified":"2020-11-23T15:48:49","modified_gmt":"2020-11-23T18:48:49","slug":"evento-virtual-discute-a-acessibilidade","status":"publish","type":"post","link":"https:\/\/abrelivros.org.br\/site\/evento-virtual-discute-a-acessibilidade\/","title":{"rendered":"Evento virtual discute a acessibilidade"},"content":{"rendered":"<p>Come\u00e7ou nesta segunda-feira (23) e segue at\u00e9 a pr\u00f3xima quarta-feira o Enbrace 2020 Accessibility, encontro que vai discutir a inclus\u00e3o, diversidade e acessibilidade. Realizado pela Associa\u00e7\u00e3o Fernanda Bianchini e Adicyona, o evento dar\u00e1 especial aten\u00e7\u00e3o \u00e0 edi\u00e7\u00e3o de livros acess\u00edveis com a participa\u00e7\u00e3o de nomes como Nadja Cezar Ianzer Rodriguies, coordenadora dos Programas do Livro (FNDE); Marcos da Veiga Pereira, presidente do SNEL; Fernanda Gomes Garcia, diretora-executiva da CBL; Sueli Mara Ferreira, presidente da Febab; Alexandre Munck, CEO da Funda\u00e7\u00e3o Dorina Nowill, e os editores Roberto Maluhy Jr., S\u00e9rgio Alves, Mika MitSui, Maria Helena Chenque e B\u00e1rbara Alves de Carvalho. Entre os temas discutidos no encontro est\u00e3o o PNLD e materiais did\u00e1ticos acess\u00edveis, com Janine Menezes (FNDE), que acontece na ter\u00e7a-feira (24) a partir das 8h30; Transformando as imagens em texto, com Sergio Alves, na quarta-feira (25), \u00e0s 9h30; A LGPD, o Tratado de Marrakesh e o Futuro da inclus\u00e3o, com Fernanda Gomes Garcia, tamb\u00e9m na quarta, \u00e0s 12h35, e Pol\u00edticas p\u00fablicas, resultados das a\u00e7\u00f5es acess\u00edveis e programas PNLD, com Nadja Cezar. Mais informa\u00e7\u00f5es sobre a programa\u00e7\u00e3o e inscri\u00e7\u00f5es <a href=\"https:\/\/www.enbrace.com.br\/\" target=\"_blank\" rel=\"noopener noreferrer\">clique aqui<\/a>.<!--more--><\/p>\n","protected":false},"excerpt":{"rendered":"<p>Come\u00e7ou nesta segunda-feira (23) e segue at\u00e9 a pr\u00f3xima quarta-feira o Enbrace 2020 Accessibility, encontro que vai discutir a inclus\u00e3o, diversidade e acessibilidade. Realizado pela Associa\u00e7\u00e3o Fernanda Bianchini e Adicyona, o evento dar\u00e1 especial aten\u00e7\u00e3o \u00e0 edi\u00e7\u00e3o de livros acess\u00edveis com a participa\u00e7\u00e3o de nomes como Nadja Cezar Ianzer Rodriguies, coordenadora dos Programas do Livro [&hellip;]<\/p>\n","protected":false},"author":4,"featured_media":0,"comment_status":"closed","ping_status":"closed","sticky":false,"template":"","format":"standard","meta":{"footnotes":"","_links_to":"","_links_to_target":""},"categories":[9],"tags":[],"class_list":["post-12553","post","type-post","status-publish","format-standard","hentry","category-noticias-da-imprensa"],"yoast_head":"<!-- This site is optimized with the Yoast SEO plugin v15.1 - https:\/\/yoast.com\/wordpress\/plugins\/seo\/ -->\n<title>Evento virtual discute a acessibilidade &raquo; Abrelivros<\/title>\n<meta name=\"robots\" content=\"index, follow, max-snippet:-1, max-image-preview:large, max-video-preview:-1\" \/>\n<link rel=\"canonical\" href=\"https:\/\/abrelivros.org.br\/site\/evento-virtual-discute-a-acessibilidade\/\" \/>\n<meta property=\"og:locale\" content=\"pt_BR\" \/>\n<meta property=\"og:type\" content=\"article\" \/>\n<meta property=\"og:title\" content=\"Evento virtual discute a acessibilidade &raquo; Abrelivros\" \/>\n<meta property=\"og:description\" content=\"Come\u00e7ou nesta segunda-feira (23) e segue at\u00e9 a pr\u00f3xima quarta-feira o Enbrace 2020 Accessibility, encontro que vai discutir a inclus\u00e3o, diversidade e acessibilidade. Realizado pela Associa\u00e7\u00e3o Fernanda Bianchini e Adicyona, o evento dar\u00e1 especial aten\u00e7\u00e3o \u00e0 edi\u00e7\u00e3o de livros acess\u00edveis com a participa\u00e7\u00e3o de nomes como Nadja Cezar Ianzer Rodriguies, coordenadora dos Programas do Livro [&hellip;]\" \/>\n<meta property=\"og:url\" content=\"https:\/\/abrelivros.org.br\/site\/evento-virtual-discute-a-acessibilidade\/\" \/>\n<meta property=\"og:site_name\" content=\"Abrelivros\" \/>\n<meta property=\"article:published_time\" content=\"2020-11-23T18:00:56+00:00\" \/>\n<meta property=\"article:modified_time\" content=\"2020-11-23T18:48:49+00:00\" \/>\n<meta name=\"twitter:card\" content=\"summary_large_image\" \/>\n<script type=\"application\/ld+json\" class=\"yoast-schema-graph\">{\"@context\":\"https:\/\/schema.org\",\"@graph\":[{\"@type\":\"WebSite\",\"@id\":\"https:\/\/abrelivros.org.br\/site\/#website\",\"url\":\"https:\/\/abrelivros.org.br\/site\/\",\"name\":\"Abrelivros\",\"description\":\"\",\"potentialAction\":[{\"@type\":\"SearchAction\",\"target\":\"https:\/\/abrelivros.org.br\/site\/?s={search_term_string}\",\"query-input\":\"required name=search_term_string\"}],\"inLanguage\":\"pt-BR\"},{\"@type\":\"WebPage\",\"@id\":\"https:\/\/abrelivros.org.br\/site\/evento-virtual-discute-a-acessibilidade\/#webpage\",\"url\":\"https:\/\/abrelivros.org.br\/site\/evento-virtual-discute-a-acessibilidade\/\",\"name\":\"Evento virtual discute a acessibilidade &raquo; Abrelivros\",\"isPartOf\":{\"@id\":\"https:\/\/abrelivros.org.br\/site\/#website\"},\"datePublished\":\"2020-11-23T18:00:56+00:00\",\"dateModified\":\"2020-11-23T18:48:49+00:00\",\"author\":{\"@id\":\"https:\/\/abrelivros.org.br\/site\/#\/schema\/person\/65db80e26409802ce15ac5feec6a15fd\"},\"breadcrumb\":{\"@id\":\"https:\/\/abrelivros.org.br\/site\/evento-virtual-discute-a-acessibilidade\/#breadcrumb\"},\"inLanguage\":\"pt-BR\",\"potentialAction\":[{\"@type\":\"ReadAction\",\"target\":[\"https:\/\/abrelivros.org.br\/site\/evento-virtual-discute-a-acessibilidade\/\"]}]},{\"@type\":\"BreadcrumbList\",\"@id\":\"https:\/\/abrelivros.org.br\/site\/evento-virtual-discute-a-acessibilidade\/#breadcrumb\",\"itemListElement\":[{\"@type\":\"ListItem\",\"position\":1,\"item\":{\"@type\":\"WebPage\",\"@id\":\"https:\/\/abrelivros.org.br\/site\/\",\"url\":\"https:\/\/abrelivros.org.br\/site\/\",\"name\":\"In\\u00edcio\"}},{\"@type\":\"ListItem\",\"position\":2,\"item\":{\"@type\":\"WebPage\",\"@id\":\"https:\/\/abrelivros.org.br\/site\/category\/noticias\/\",\"url\":\"https:\/\/abrelivros.org.br\/site\/category\/noticias\/\",\"name\":\"Not\\u00edcias\"}},{\"@type\":\"ListItem\",\"position\":3,\"item\":{\"@type\":\"WebPage\",\"@id\":\"https:\/\/abrelivros.org.br\/site\/category\/noticias\/noticias-da-imprensa\/\",\"url\":\"https:\/\/abrelivros.org.br\/site\/category\/noticias\/noticias-da-imprensa\/\",\"name\":\"Not\\u00edcias da imprensa\"}},{\"@type\":\"ListItem\",\"position\":4,\"item\":{\"@type\":\"WebPage\",\"@id\":\"https:\/\/abrelivros.org.br\/site\/evento-virtual-discute-a-acessibilidade\/\",\"url\":\"https:\/\/abrelivros.org.br\/site\/evento-virtual-discute-a-acessibilidade\/\",\"name\":\"Evento virtual discute a acessibilidade\"}}]},{\"@type\":\"Person\",\"@id\":\"https:\/\/abrelivros.org.br\/site\/#\/schema\/person\/65db80e26409802ce15ac5feec6a15fd\",\"name\":\"Reda\\u00e7\\u00e3o Abrelivros\",\"image\":{\"@type\":\"ImageObject\",\"@id\":\"https:\/\/abrelivros.org.br\/site\/#personlogo\",\"inLanguage\":\"pt-BR\",\"url\":\"https:\/\/secure.gravatar.com\/avatar\/c4e57f9c7e3482965bd428192061218520756c39080b1d1820b679fa5e9af192?s=96&d=mm&r=g\",\"caption\":\"Reda\\u00e7\\u00e3o Abrelivros\"}}]}<\/script>\n<!-- \/ Yoast SEO plugin. -->","_links":{"self":[{"href":"https:\/\/abrelivros.org.br\/site\/wp-json\/wp\/v2\/posts\/12553","targetHints":{"allow":["GET"]}}],"collection":[{"href":"https:\/\/abrelivros.org.br\/site\/wp-json\/wp\/v2\/posts"}],"about":[{"href":"https:\/\/abrelivros.org.br\/site\/wp-json\/wp\/v2\/types\/post"}],"author":[{"embeddable":true,"href":"https:\/\/abrelivros.org.br\/site\/wp-json\/wp\/v2\/users\/4"}],"replies":[{"embeddable":true,"href":"https:\/\/abrelivros.org.br\/site\/wp-json\/wp\/v2\/comments?post=12553"}],"version-history":[{"count":1,"href":"https:\/\/abrelivros.org.br\/site\/wp-json\/wp\/v2\/posts\/12553\/revisions"}],"predecessor-version":[{"id":12554,"href":"https:\/\/abrelivros.org.br\/site\/wp-json\/wp\/v2\/posts\/12553\/revisions\/12554"}],"wp:attachment":[{"href":"https:\/\/abrelivros.org.br\/site\/wp-json\/wp\/v2\/media?parent=12553"}],"wp:term":[{"taxonomy":"category","embeddable":true,"href":"https:\/\/abrelivros.org.br\/site\/wp-json\/wp\/v2\/categories?post=12553"},{"taxonomy":"post_tag","embeddable":true,"href":"https:\/\/abrelivros.org.br\/site\/wp-json\/wp\/v2\/tags?post=12553"}],"curies":[{"name":"wp","href":"https:\/\/api.w.org\/{rel}","templated":true}]}}