{"id":12549,"date":"2020-11-23T14:53:32","date_gmt":"2020-11-23T17:53:32","guid":{"rendered":"https:\/\/abrelivros.org.br\/site\/?p=12549"},"modified":"2020-11-23T14:53:32","modified_gmt":"2020-11-23T17:53:32","slug":"desigualdades-educacionais-podem-crescer-no-pos-pandemia","status":"publish","type":"post","link":"https:\/\/abrelivros.org.br\/site\/desigualdades-educacionais-podem-crescer-no-pos-pandemia\/","title":{"rendered":"Desigualdades educacionais podem crescer no p\u00f3s-pandemia"},"content":{"rendered":"<p>Uma das consequ\u00eancias da pandemia do coronav\u00edrus pode ser o aumento das desigualdades educacionais no pa\u00eds. O alerta est\u00e1 em um <a href=\"https:\/\/www2.camara.leg.br\/atividade-legislativa\/estudos-e-notas-tecnicas\/publicacoes-da-consultoria-legislativa\/fiquePorDentro\/desigualdades-educacionais-1\/texto-da-consultoria-sobre-desigualdades-educacionais\" target=\"_blank\" rel=\"noopener noreferrer\">estudo da Consultoria Legislativa da C\u00e2mara dos Deputados sobre o tema<\/a>. O impacto principal deve se dar sobre os estudantes da parcela mais vulner\u00e1vel da popula\u00e7\u00e3o, que dependem mais da presen\u00e7a f\u00edsica nas escolas e t\u00eam menos condi\u00e7\u00f5es tecnol\u00f3gicas de acompanhar as aulas remotas.<!--more--><\/p>\n<p>De acordo com o estudo, que enfoca a educa\u00e7\u00e3o b\u00e1sica, o fechamento dos estabelecimentos de ensino nos \u00faltimos meses pode provocar o aumento da desigualdade na aprendizagem, al\u00e9m de piorar a nutri\u00e7\u00e3o e a sa\u00fade mental dos alunos. A crise econ\u00f4mica decorrente da pandemia, por sua vez, pode ampliar os n\u00fameros da evas\u00e3o e do trabalho infantil, e diminuir os investimentos em educa\u00e7\u00e3o tanto por parte dos pais quanto<\/p>\n<p>A publica\u00e7\u00e3o da Consultoria Legislativa, dentro da s\u00e9rie <a href=\"https:\/\/www2.camara.leg.br\/atividade-legislativa\/estudos-e-notas-tecnicas\/publicacoes-da-consultoria-legislativa\/fiquePorDentro\/desigualdades-educacionais-1\/desigualdades-educacionais\" target=\"_blank\" rel=\"noopener noreferrer\">Fique por Dentro<\/a>, que procura detalhar temas em discuss\u00e3o no Congresso Nacional, traz refer\u00eancias de estudos nacionais e internacionais sobre o tema. As pesquisas mostram que as vari\u00e1veis socioecon\u00f4micas s\u00e3o as que mais impactam nas desigualdades educacionais, principalmente itens como renda, ra\u00e7a, g\u00eanero e a diferen\u00e7a entre \u00e1rea urbana e zona rural.<\/p>\n<p><strong>N\u00fameros<\/strong><\/p>\n<p>O consultor legislativo Jefferson Chaves, autor do estudo, d\u00e1 o exemplo do acesso ao terceiro ano do Ensino M\u00e9dio, com dados de 2017: ele \u00e9 de 97,6% para as alunas brancas das camadas mais ricas da popula\u00e7\u00e3o e de apenas 40% para os alunos negros das parcelas mais pobres.<\/p>\n<p>\u201cA gente tem 60% dos jovens do sexo masculino, mais pobres e negros, que n\u00e3o acessaram o \u00faltimo ano da educa\u00e7\u00e3o b\u00e1sica. Ou seja, eles acessaram a escola, eles entraram no ensino fundamental, mas eles evadiram durante esse per\u00edodo. \u201d<\/p>\n<p>Uma boa not\u00edcia \u00e9 que as desigualdades educacionais estavam diminuindo antes da pandemia. Em 2002, 71,2% dos jovens de 19 anos chegaram ao \u00faltimo ano do ensino fundamental e apenas 43,4% alcan\u00e7aram a \u00faltima etapa do Ensino M\u00e9dio. Em 2017, os \u00edndices cresceram para 88,6% no ensino fundamental e 67,5% no Ensino M\u00e9dio. O estudo ressalta a import\u00e2ncia dos investimentos em programas suplementares de renda e de nutri\u00e7\u00e3o para o enfrentamento do p\u00f3s-pandemia.<\/p>\n<p><strong>Recursos<\/strong><\/p>\n<p>O consultor Jefferson Chaves tamb\u00e9m destaca um conjunto de medidas previstas na Constitui\u00e7\u00e3o, como a vincula\u00e7\u00e3o de recursos, que destina de 18% a 25% das receitas de impostos para a educa\u00e7\u00e3o no combate \u00e0s desigualdades educacionais. Ele menciona ainda a mobiliza\u00e7\u00e3o que tornou permanente o Fundeb, Fundo de Manuten\u00e7\u00e3o e Desenvolvimento da Educa\u00e7\u00e3o B\u00e1sica e de Valoriza\u00e7\u00e3o dos Profissionais da Educa\u00e7\u00e3o.<\/p>\n<p>\u201cCom a aprova\u00e7\u00e3o da Emenda Constitucional 108, com o Fundeb permanente, a gente verifica um grande espa\u00e7o para aprimorar o acesso \u00e0 educa\u00e7\u00e3o pela redu\u00e7\u00e3o das desigualdades. Existem percentuais espec\u00edficos no Fundeb que ser\u00e3o destinados \u00e0s redes que melhorarem o aprendizado com redu\u00e7\u00e3o de desigualdades.\u201d<\/p>\n<p><strong>Propostas<\/strong><\/p>\n<p>O estudo da Consultoria Legislativa relaciona 32 proposi\u00e7\u00f5es em tramita\u00e7\u00e3o na C\u00e2mara que procuram atenuar as desigualdades educacionais. As propostas tentam facilitar o acesso dos estudantes \u00e0 internet, al\u00e9m de melhorar a inclus\u00e3o, no sistema p\u00fablico de ensino, de grupos como os alunos com defici\u00eancia e a popula\u00e7\u00e3o carcer\u00e1ria.<\/p>\n","protected":false},"excerpt":{"rendered":"<p>Uma das consequ\u00eancias da pandemia do coronav\u00edrus pode ser o aumento das desigualdades educacionais no pa\u00eds. O alerta est\u00e1 em um estudo da Consultoria Legislativa da C\u00e2mara dos Deputados sobre o tema. O impacto principal deve se dar sobre os estudantes da parcela mais vulner\u00e1vel da popula\u00e7\u00e3o, que dependem mais da presen\u00e7a f\u00edsica nas escolas [&hellip;]<\/p>\n","protected":false},"author":4,"featured_media":0,"comment_status":"closed","ping_status":"closed","sticky":false,"template":"","format":"standard","meta":{"footnotes":"","_links_to":"","_links_to_target":""},"categories":[9],"tags":[],"class_list":["post-12549","post","type-post","status-publish","format-standard","hentry","category-noticias-da-imprensa"],"yoast_head":"<!-- This site is optimized with the Yoast SEO plugin v15.1 - https:\/\/yoast.com\/wordpress\/plugins\/seo\/ -->\n<title>Desigualdades educacionais podem crescer no p\u00f3s-pandemia &raquo; Abrelivros<\/title>\n<meta name=\"robots\" content=\"index, follow, max-snippet:-1, max-image-preview:large, max-video-preview:-1\" \/>\n<link rel=\"canonical\" href=\"https:\/\/abrelivros.org.br\/site\/desigualdades-educacionais-podem-crescer-no-pos-pandemia\/\" \/>\n<meta property=\"og:locale\" content=\"pt_BR\" \/>\n<meta property=\"og:type\" content=\"article\" \/>\n<meta property=\"og:title\" content=\"Desigualdades educacionais podem crescer no p\u00f3s-pandemia &raquo; Abrelivros\" \/>\n<meta property=\"og:description\" content=\"Uma das consequ\u00eancias da pandemia do coronav\u00edrus pode ser o aumento das desigualdades educacionais no pa\u00eds. O alerta est\u00e1 em um estudo da Consultoria Legislativa da C\u00e2mara dos Deputados sobre o tema. O impacto principal deve se dar sobre os estudantes da parcela mais vulner\u00e1vel da popula\u00e7\u00e3o, que dependem mais da presen\u00e7a f\u00edsica nas escolas [&hellip;]\" \/>\n<meta property=\"og:url\" content=\"https:\/\/abrelivros.org.br\/site\/desigualdades-educacionais-podem-crescer-no-pos-pandemia\/\" \/>\n<meta property=\"og:site_name\" content=\"Abrelivros\" \/>\n<meta property=\"article:published_time\" content=\"2020-11-23T17:53:32+00:00\" \/>\n<meta name=\"twitter:card\" content=\"summary_large_image\" \/>\n<script type=\"application\/ld+json\" class=\"yoast-schema-graph\">{\"@context\":\"https:\/\/schema.org\",\"@graph\":[{\"@type\":\"WebSite\",\"@id\":\"https:\/\/abrelivros.org.br\/site\/#website\",\"url\":\"https:\/\/abrelivros.org.br\/site\/\",\"name\":\"Abrelivros\",\"description\":\"\",\"potentialAction\":[{\"@type\":\"SearchAction\",\"target\":\"https:\/\/abrelivros.org.br\/site\/?s={search_term_string}\",\"query-input\":\"required name=search_term_string\"}],\"inLanguage\":\"pt-BR\"},{\"@type\":\"WebPage\",\"@id\":\"https:\/\/abrelivros.org.br\/site\/desigualdades-educacionais-podem-crescer-no-pos-pandemia\/#webpage\",\"url\":\"https:\/\/abrelivros.org.br\/site\/desigualdades-educacionais-podem-crescer-no-pos-pandemia\/\",\"name\":\"Desigualdades educacionais podem crescer no p\\u00f3s-pandemia &raquo; Abrelivros\",\"isPartOf\":{\"@id\":\"https:\/\/abrelivros.org.br\/site\/#website\"},\"datePublished\":\"2020-11-23T17:53:32+00:00\",\"dateModified\":\"2020-11-23T17:53:32+00:00\",\"author\":{\"@id\":\"https:\/\/abrelivros.org.br\/site\/#\/schema\/person\/65db80e26409802ce15ac5feec6a15fd\"},\"breadcrumb\":{\"@id\":\"https:\/\/abrelivros.org.br\/site\/desigualdades-educacionais-podem-crescer-no-pos-pandemia\/#breadcrumb\"},\"inLanguage\":\"pt-BR\",\"potentialAction\":[{\"@type\":\"ReadAction\",\"target\":[\"https:\/\/abrelivros.org.br\/site\/desigualdades-educacionais-podem-crescer-no-pos-pandemia\/\"]}]},{\"@type\":\"BreadcrumbList\",\"@id\":\"https:\/\/abrelivros.org.br\/site\/desigualdades-educacionais-podem-crescer-no-pos-pandemia\/#breadcrumb\",\"itemListElement\":[{\"@type\":\"ListItem\",\"position\":1,\"item\":{\"@type\":\"WebPage\",\"@id\":\"https:\/\/abrelivros.org.br\/site\/\",\"url\":\"https:\/\/abrelivros.org.br\/site\/\",\"name\":\"In\\u00edcio\"}},{\"@type\":\"ListItem\",\"position\":2,\"item\":{\"@type\":\"WebPage\",\"@id\":\"https:\/\/abrelivros.org.br\/site\/category\/noticias\/\",\"url\":\"https:\/\/abrelivros.org.br\/site\/category\/noticias\/\",\"name\":\"Not\\u00edcias\"}},{\"@type\":\"ListItem\",\"position\":3,\"item\":{\"@type\":\"WebPage\",\"@id\":\"https:\/\/abrelivros.org.br\/site\/category\/noticias\/noticias-da-imprensa\/\",\"url\":\"https:\/\/abrelivros.org.br\/site\/category\/noticias\/noticias-da-imprensa\/\",\"name\":\"Not\\u00edcias da imprensa\"}},{\"@type\":\"ListItem\",\"position\":4,\"item\":{\"@type\":\"WebPage\",\"@id\":\"https:\/\/abrelivros.org.br\/site\/desigualdades-educacionais-podem-crescer-no-pos-pandemia\/\",\"url\":\"https:\/\/abrelivros.org.br\/site\/desigualdades-educacionais-podem-crescer-no-pos-pandemia\/\",\"name\":\"Desigualdades educacionais podem crescer no p\\u00f3s-pandemia\"}}]},{\"@type\":\"Person\",\"@id\":\"https:\/\/abrelivros.org.br\/site\/#\/schema\/person\/65db80e26409802ce15ac5feec6a15fd\",\"name\":\"Reda\\u00e7\\u00e3o Abrelivros\",\"image\":{\"@type\":\"ImageObject\",\"@id\":\"https:\/\/abrelivros.org.br\/site\/#personlogo\",\"inLanguage\":\"pt-BR\",\"url\":\"https:\/\/secure.gravatar.com\/avatar\/c4e57f9c7e3482965bd428192061218520756c39080b1d1820b679fa5e9af192?s=96&d=mm&r=g\",\"caption\":\"Reda\\u00e7\\u00e3o Abrelivros\"}}]}<\/script>\n<!-- \/ Yoast SEO plugin. -->","_links":{"self":[{"href":"https:\/\/abrelivros.org.br\/site\/wp-json\/wp\/v2\/posts\/12549","targetHints":{"allow":["GET"]}}],"collection":[{"href":"https:\/\/abrelivros.org.br\/site\/wp-json\/wp\/v2\/posts"}],"about":[{"href":"https:\/\/abrelivros.org.br\/site\/wp-json\/wp\/v2\/types\/post"}],"author":[{"embeddable":true,"href":"https:\/\/abrelivros.org.br\/site\/wp-json\/wp\/v2\/users\/4"}],"replies":[{"embeddable":true,"href":"https:\/\/abrelivros.org.br\/site\/wp-json\/wp\/v2\/comments?post=12549"}],"version-history":[{"count":1,"href":"https:\/\/abrelivros.org.br\/site\/wp-json\/wp\/v2\/posts\/12549\/revisions"}],"predecessor-version":[{"id":12550,"href":"https:\/\/abrelivros.org.br\/site\/wp-json\/wp\/v2\/posts\/12549\/revisions\/12550"}],"wp:attachment":[{"href":"https:\/\/abrelivros.org.br\/site\/wp-json\/wp\/v2\/media?parent=12549"}],"wp:term":[{"taxonomy":"category","embeddable":true,"href":"https:\/\/abrelivros.org.br\/site\/wp-json\/wp\/v2\/categories?post=12549"},{"taxonomy":"post_tag","embeddable":true,"href":"https:\/\/abrelivros.org.br\/site\/wp-json\/wp\/v2\/tags?post=12549"}],"curies":[{"name":"wp","href":"https:\/\/api.w.org\/{rel}","templated":true}]}}