{"id":12439,"date":"2020-12-01T13:35:23","date_gmt":"2020-12-01T16:35:23","guid":{"rendered":"https:\/\/abrelivros.org.br\/site\/?p=12439"},"modified":"2020-12-01T14:11:12","modified_gmt":"2020-12-01T17:11:12","slug":"convite-lei-brasileira-da-inclusao-e-a-ampliacao-da-leitura","status":"publish","type":"post","link":"https:\/\/abrelivros.org.br\/site\/convite-lei-brasileira-da-inclusao-e-a-ampliacao-da-leitura\/","title":{"rendered":"CONVITE: Lei Brasileira da Inclus\u00e3o e a Amplia\u00e7\u00e3o da Leitura"},"content":{"rendered":"<p><!--more--><a href=\"https:\/\/www.facebook.com\/camaradolivro\/posts\/3498421180234308\" target=\"_blank\" rel=\"noopener noreferrer\"><img fetchpriority=\"high\" decoding=\"async\" class=\"aligncenter wp-image-12633 size-full\" src=\"https:\/\/abrelivros.org.br\/site\/wp-content\/uploads\/2020\/11\/Convite_LBI_02.12.2020_atualizado-scaled.jpeg\" alt=\"\" width=\"851\" height=\"2560\" srcset=\"https:\/\/abrelivros.org.br\/site\/wp-content\/uploads\/2020\/11\/Convite_LBI_02.12.2020_atualizado-scaled.jpeg 851w, https:\/\/abrelivros.org.br\/site\/wp-content\/uploads\/2020\/11\/Convite_LBI_02.12.2020_atualizado-100x300.jpeg 100w, https:\/\/abrelivros.org.br\/site\/wp-content\/uploads\/2020\/11\/Convite_LBI_02.12.2020_atualizado-340x1024.jpeg 340w, https:\/\/abrelivros.org.br\/site\/wp-content\/uploads\/2020\/11\/Convite_LBI_02.12.2020_atualizado-768x2311.jpeg 768w, https:\/\/abrelivros.org.br\/site\/wp-content\/uploads\/2020\/11\/Convite_LBI_02.12.2020_atualizado-681x2048.jpeg 681w\" sizes=\"(max-width: 851px) 100vw, 851px\" \/><\/a><\/p>\n","protected":false},"excerpt":{"rendered":"","protected":false},"author":4,"featured_media":12496,"comment_status":"closed","ping_status":"closed","sticky":false,"template":"","format":"standard","meta":{"footnotes":"","_links_to":"","_links_to_target":""},"categories":[9],"tags":[],"class_list":["post-12439","post","type-post","status-publish","format-standard","has-post-thumbnail","hentry","category-noticias-da-imprensa"],"yoast_head":"<!-- This site is optimized with the Yoast SEO plugin v15.1 - https:\/\/yoast.com\/wordpress\/plugins\/seo\/ -->\n<title>CONVITE: Lei Brasileira da Inclus\u00e3o e a Amplia\u00e7\u00e3o da Leitura &raquo; Abrelivros<\/title>\n<meta name=\"robots\" content=\"index, follow, max-snippet:-1, max-image-preview:large, max-video-preview:-1\" \/>\n<link rel=\"canonical\" href=\"https:\/\/abrelivros.org.br\/site\/convite-lei-brasileira-da-inclusao-e-a-ampliacao-da-leitura\/\" \/>\n<meta property=\"og:locale\" content=\"pt_BR\" \/>\n<meta property=\"og:type\" content=\"article\" \/>\n<meta property=\"og:title\" content=\"CONVITE: Lei Brasileira da Inclus\u00e3o e a Amplia\u00e7\u00e3o da Leitura &raquo; Abrelivros\" \/>\n<meta property=\"og:url\" content=\"https:\/\/abrelivros.org.br\/site\/convite-lei-brasileira-da-inclusao-e-a-ampliacao-da-leitura\/\" \/>\n<meta property=\"og:site_name\" content=\"Abrelivros\" \/>\n<meta property=\"article:published_time\" content=\"2020-12-01T16:35:23+00:00\" \/>\n<meta property=\"article:modified_time\" content=\"2020-12-01T17:11:12+00:00\" \/>\n<meta property=\"og:image\" content=\"https:\/\/abrelivros.org.br\/site\/wp-content\/uploads\/2020\/11\/2020.11.19_popup_convite.jpg\" \/>\n\t<meta property=\"og:image:width\" content=\"750\" \/>\n\t<meta property=\"og:image:height\" content=\"393\" \/>\n<meta name=\"twitter:card\" content=\"summary_large_image\" \/>\n<script type=\"application\/ld+json\" class=\"yoast-schema-graph\">{\"@context\":\"https:\/\/schema.org\",\"@graph\":[{\"@type\":\"WebSite\",\"@id\":\"https:\/\/abrelivros.org.br\/site\/#website\",\"url\":\"https:\/\/abrelivros.org.br\/site\/\",\"name\":\"Abrelivros\",\"description\":\"\",\"potentialAction\":[{\"@type\":\"SearchAction\",\"target\":\"https:\/\/abrelivros.org.br\/site\/?s={search_term_string}\",\"query-input\":\"required name=search_term_string\"}],\"inLanguage\":\"pt-BR\"},{\"@type\":\"ImageObject\",\"@id\":\"https:\/\/abrelivros.org.br\/site\/convite-lei-brasileira-da-inclusao-e-a-ampliacao-da-leitura\/#primaryimage\",\"inLanguage\":\"pt-BR\",\"url\":\"https:\/\/abrelivros.org.br\/site\/wp-content\/uploads\/2020\/11\/2020.11.19_popup_convite.jpg\",\"width\":750,\"height\":393},{\"@type\":\"WebPage\",\"@id\":\"https:\/\/abrelivros.org.br\/site\/convite-lei-brasileira-da-inclusao-e-a-ampliacao-da-leitura\/#webpage\",\"url\":\"https:\/\/abrelivros.org.br\/site\/convite-lei-brasileira-da-inclusao-e-a-ampliacao-da-leitura\/\",\"name\":\"CONVITE: Lei Brasileira da Inclus\\u00e3o e a Amplia\\u00e7\\u00e3o da Leitura &raquo; Abrelivros\",\"isPartOf\":{\"@id\":\"https:\/\/abrelivros.org.br\/site\/#website\"},\"primaryImageOfPage\":{\"@id\":\"https:\/\/abrelivros.org.br\/site\/convite-lei-brasileira-da-inclusao-e-a-ampliacao-da-leitura\/#primaryimage\"},\"datePublished\":\"2020-12-01T16:35:23+00:00\",\"dateModified\":\"2020-12-01T17:11:12+00:00\",\"author\":{\"@id\":\"https:\/\/abrelivros.org.br\/site\/#\/schema\/person\/65db80e26409802ce15ac5feec6a15fd\"},\"breadcrumb\":{\"@id\":\"https:\/\/abrelivros.org.br\/site\/convite-lei-brasileira-da-inclusao-e-a-ampliacao-da-leitura\/#breadcrumb\"},\"inLanguage\":\"pt-BR\",\"potentialAction\":[{\"@type\":\"ReadAction\",\"target\":[\"https:\/\/abrelivros.org.br\/site\/convite-lei-brasileira-da-inclusao-e-a-ampliacao-da-leitura\/\"]}]},{\"@type\":\"BreadcrumbList\",\"@id\":\"https:\/\/abrelivros.org.br\/site\/convite-lei-brasileira-da-inclusao-e-a-ampliacao-da-leitura\/#breadcrumb\",\"itemListElement\":[{\"@type\":\"ListItem\",\"position\":1,\"item\":{\"@type\":\"WebPage\",\"@id\":\"https:\/\/abrelivros.org.br\/site\/\",\"url\":\"https:\/\/abrelivros.org.br\/site\/\",\"name\":\"In\\u00edcio\"}},{\"@type\":\"ListItem\",\"position\":2,\"item\":{\"@type\":\"WebPage\",\"@id\":\"https:\/\/abrelivros.org.br\/site\/category\/noticias\/\",\"url\":\"https:\/\/abrelivros.org.br\/site\/category\/noticias\/\",\"name\":\"Not\\u00edcias\"}},{\"@type\":\"ListItem\",\"position\":3,\"item\":{\"@type\":\"WebPage\",\"@id\":\"https:\/\/abrelivros.org.br\/site\/category\/noticias\/noticias-da-imprensa\/\",\"url\":\"https:\/\/abrelivros.org.br\/site\/category\/noticias\/noticias-da-imprensa\/\",\"name\":\"Not\\u00edcias da imprensa\"}},{\"@type\":\"ListItem\",\"position\":4,\"item\":{\"@type\":\"WebPage\",\"@id\":\"https:\/\/abrelivros.org.br\/site\/convite-lei-brasileira-da-inclusao-e-a-ampliacao-da-leitura\/\",\"url\":\"https:\/\/abrelivros.org.br\/site\/convite-lei-brasileira-da-inclusao-e-a-ampliacao-da-leitura\/\",\"name\":\"CONVITE: Lei Brasileira da Inclus\\u00e3o e a Amplia\\u00e7\\u00e3o da Leitura\"}}]},{\"@type\":\"Person\",\"@id\":\"https:\/\/abrelivros.org.br\/site\/#\/schema\/person\/65db80e26409802ce15ac5feec6a15fd\",\"name\":\"Reda\\u00e7\\u00e3o Abrelivros\",\"image\":{\"@type\":\"ImageObject\",\"@id\":\"https:\/\/abrelivros.org.br\/site\/#personlogo\",\"inLanguage\":\"pt-BR\",\"url\":\"https:\/\/secure.gravatar.com\/avatar\/c4e57f9c7e3482965bd428192061218520756c39080b1d1820b679fa5e9af192?s=96&d=mm&r=g\",\"caption\":\"Reda\\u00e7\\u00e3o Abrelivros\"}}]}<\/script>\n<!-- \/ Yoast SEO plugin. -->","_links":{"self":[{"href":"https:\/\/abrelivros.org.br\/site\/wp-json\/wp\/v2\/posts\/12439","targetHints":{"allow":["GET"]}}],"collection":[{"href":"https:\/\/abrelivros.org.br\/site\/wp-json\/wp\/v2\/posts"}],"about":[{"href":"https:\/\/abrelivros.org.br\/site\/wp-json\/wp\/v2\/types\/post"}],"author":[{"embeddable":true,"href":"https:\/\/abrelivros.org.br\/site\/wp-json\/wp\/v2\/users\/4"}],"replies":[{"embeddable":true,"href":"https:\/\/abrelivros.org.br\/site\/wp-json\/wp\/v2\/comments?post=12439"}],"version-history":[{"count":11,"href":"https:\/\/abrelivros.org.br\/site\/wp-json\/wp\/v2\/posts\/12439\/revisions"}],"predecessor-version":[{"id":12631,"href":"https:\/\/abrelivros.org.br\/site\/wp-json\/wp\/v2\/posts\/12439\/revisions\/12631"}],"wp:featuredmedia":[{"embeddable":true,"href":"https:\/\/abrelivros.org.br\/site\/wp-json\/wp\/v2\/media\/12496"}],"wp:attachment":[{"href":"https:\/\/abrelivros.org.br\/site\/wp-json\/wp\/v2\/media?parent=12439"}],"wp:term":[{"taxonomy":"category","embeddable":true,"href":"https:\/\/abrelivros.org.br\/site\/wp-json\/wp\/v2\/categories?post=12439"},{"taxonomy":"post_tag","embeddable":true,"href":"https:\/\/abrelivros.org.br\/site\/wp-json\/wp\/v2\/tags?post=12439"}],"curies":[{"name":"wp","href":"https:\/\/api.w.org\/{rel}","templated":true}]}}